{"id":1281,"date":"2012-04-05T11:17:18","date_gmt":"2012-04-05T10:17:18","guid":{"rendered":"http:\/\/elmalet.co.uk\/?p=1281"},"modified":"2012-04-05T11:17:18","modified_gmt":"2012-04-05T10:17:18","slug":"souffler-le-chaud","status":"publish","type":"post","link":"https:\/\/elmalet.co.uk\/?p=1281","title":{"rendered":"Souffler le chaud&#8230;"},"content":{"rendered":"<p><span style=\"text-decoration: underline;\">Souffler le chaud et le froid<\/span> :<\/p>\n<p>Qui souffle le chaud et le froid varie ses opinions, son comportement tr\u00e8s souvent. Tour \u00e0 tour contre et pour, glacial et chaleureux, amical et m\u00e9prisant&#8230;<\/p>\n<p>&#8220;Le pr\u00e9sident Talon alla en l&#8217;autre monde voir s&#8217;il est permis de souffler le froid et le chaud comme M. de Luxembourg le lui avait fait faire.&#8221;<\/p>\n<p>Saint-Simon, &#8216;M\u00e9moires&#8217; (1829 &#8211; 1830)<\/p>\n<p>Taken from &#8216;Pourquoi dit-on 2012&#8217; by Delphine Gaston.<\/p>\n","protected":false},"excerpt":{"rendered":"<p>Souffler le chaud et le froid : Qui souffle le chaud et le froid varie ses opinions, son comportement tr\u00e8s souvent. Tour \u00e0 tour contre et pour, glacial et chaleureux, amical et m\u00e9prisant&#8230; &#8220;Le pr\u00e9sident Talon alla en l&#8217;autre monde &hellip; <a href=\"https:\/\/elmalet.co.uk\/?p=1281\">Continue reading <span class=\"meta-nav\">&rarr;<\/span><\/a><\/p>\n","protected":false},"author":2,"featured_media":0,"comment_status":"open","ping_status":"open","sticky":false,"template":"","format":"standard","meta":{"jetpack_post_was_ever_published":false,"_jetpack_newsletter_access":"","_jetpack_dont_email_post_to_subs":false,"_jetpack_newsletter_tier_id":0,"_jetpack_memberships_contains_paywalled_content":false,"_jetpack_memberships_contains_paid_content":false,"footnotes":"","jetpack_publicize_message":"","jetpack_publicize_feature_enabled":true,"jetpack_social_post_already_shared":false,"jetpack_social_options":{"image_generator_settings":{"template":"highway","enabled":false},"version":2}},"categories":[4,26],"tags":[77,139],"jetpack_publicize_connections":[],"jetpack_featured_media_url":"","jetpack_sharing_enabled":true,"jetpack_shortlink":"https:\/\/wp.me\/p4yjly-kF","_links":{"self":[{"href":"https:\/\/elmalet.co.uk\/index.php?rest_route=\/wp\/v2\/posts\/1281"}],"collection":[{"href":"https:\/\/elmalet.co.uk\/index.php?rest_route=\/wp\/v2\/posts"}],"about":[{"href":"https:\/\/elmalet.co.uk\/index.php?rest_route=\/wp\/v2\/types\/post"}],"author":[{"embeddable":true,"href":"https:\/\/elmalet.co.uk\/index.php?rest_route=\/wp\/v2\/users\/2"}],"replies":[{"embeddable":true,"href":"https:\/\/elmalet.co.uk\/index.php?rest_route=%2Fwp%2Fv2%2Fcomments&post=1281"}],"version-history":[{"count":1,"href":"https:\/\/elmalet.co.uk\/index.php?rest_route=\/wp\/v2\/posts\/1281\/revisions"}],"predecessor-version":[{"id":1282,"href":"https:\/\/elmalet.co.uk\/index.php?rest_route=\/wp\/v2\/posts\/1281\/revisions\/1282"}],"wp:attachment":[{"href":"https:\/\/elmalet.co.uk\/index.php?rest_route=%2Fwp%2Fv2%2Fmedia&parent=1281"}],"wp:term":[{"taxonomy":"category","embeddable":true,"href":"https:\/\/elmalet.co.uk\/index.php?rest_route=%2Fwp%2Fv2%2Fcategories&post=1281"},{"taxonomy":"post_tag","embeddable":true,"href":"https:\/\/elmalet.co.uk\/index.php?rest_route=%2Fwp%2Fv2%2Ftags&post=1281"}],"curies":[{"name":"wp","href":"https:\/\/api.w.org\/{rel}","templated":true}]}}